{"id":863,"date":"2018-04-10T17:41:09","date_gmt":"2018-04-10T15:41:09","guid":{"rendered":"https:\/\/consmonacodibaviera.esteri.it\/news\/dal_consolato\/2018\/04\/anniversario-della-liberazione\/"},"modified":"2018-04-10T17:41:09","modified_gmt":"2018-04-10T15:41:09","slug":"anniversario-della-liberazione","status":"publish","type":"post","link":"https:\/\/consmonacodibaviera.esteri.it\/it\/news\/dal_consolato\/2018\/04\/anniversario-della-liberazione\/","title":{"rendered":"Anniversario della Liberazione (25 aprile 1945) \u2013 Incontro al Memoriale di Dachau (23 aprile 2018)"},"content":{"rendered":"<p>In occasione delle celebrazioni della Festa della Liberazione il Comites di Monaco di Baviera invita i concittadini a partecipare all&#8217;incontro, patrocinato insieme al Consolato Generale di Monaco di Baviera e organizzato con il centro studi del Memoriale di Dachau (presso Monaco di Baviera), con il \u201csopravvissuto\u201d Venanzio Gibillini.<\/p>\n<p>Venanzio Gibillini, classe 1924, \u00e8 stato un prigioniero politico dell&#8217;8 settembre 1943, sopravvissuto ai campi di concentramento di Dachau e di Flossenb\u00fcrg. Oggi vive a Milano e ogni anno torna in Baviera in occasione delle celebrazioni per la liberazione del campo di concentramento di Flossenb\u00fcrg.<\/p>\n<p>L&#8217;incontro, in lingua italiana e tedesca, avr\u00e0 luogo luned\u00ec 23 aprile 2018 dalle ore 19, presso la sala conferenze del KZ-Gedenkst\u00e4tte di Dachau in Pater-Roth-Str. 2a, 85221 Dachau.<\/p>\n<p><a href=\"http:\/\/www.kz-gedenkstaette-dachau.de\/\">http:\/\/www.kz-gedenkstaette-dachau.de\/<\/a> <\/p>\n<p><a href=\"http:\/\/www.kz-gedenkstaette-dachau.de\/indirizzi-e-parcheggio.html\">http:\/\/www.kz-gedenkstaette-dachau.de\/indirizzi-e-parcheggio.html<\/a> <\/p>\n<p>E&#8217; possibile scaricare invito e programma dell&#8217;incontro al seguente <a title=\"Invito (formato PDF)\" href=\"resource\/doc\/2018\/04\/20180410_einladung_zzg_venanzio_gibillini.pdf\" target=\"_blank\" rel=\"noopener\">link (formato PDF)<\/a><\/p>\n<p><\/p>\n","protected":false},"excerpt":{"rendered":"In occasione delle celebrazioni della Festa della Liberazione il Comites di Monaco di Baviera invita i concittadini a partecipare all&#8217;incontro, patrocinato insieme al Consolato Generale di Monaco di Baviera e organizzato con il centro studi del Memoriale di Dachau (presso Monaco di Baviera), con il \u201csopravvissuto\u201d Venanzio Gibillini. Venanzio Gibillini, classe 1924, \u00e8 stato un [&hellip;]","protected":false},"author":1,"featured_media":0,"comment_status":"","ping_status":"","sticky":false,"template":"","format":"standard","meta":{"footnotes":""},"tags":[],"class_list":["post-863","post","type-post","status-publish","format-standard","hentry"],"_links":{"self":[{"href":"https:\/\/consmonacodibaviera.esteri.it\/it\/wp-json\/wp\/v2\/posts\/863","targetHints":{"allow":["GET"]}}],"collection":[{"href":"https:\/\/consmonacodibaviera.esteri.it\/it\/wp-json\/wp\/v2\/posts"}],"about":[{"href":"https:\/\/consmonacodibaviera.esteri.it\/it\/wp-json\/wp\/v2\/types\/post"}],"author":[{"embeddable":true,"href":"https:\/\/consmonacodibaviera.esteri.it\/it\/wp-json\/wp\/v2\/users\/1"}],"replies":[{"embeddable":true,"href":"https:\/\/consmonacodibaviera.esteri.it\/it\/wp-json\/wp\/v2\/comments?post=863"}],"version-history":[{"count":0,"href":"https:\/\/consmonacodibaviera.esteri.it\/it\/wp-json\/wp\/v2\/posts\/863\/revisions"}],"wp:attachment":[{"href":"https:\/\/consmonacodibaviera.esteri.it\/it\/wp-json\/wp\/v2\/media?parent=863"}],"wp:term":[{"taxonomy":"post_tag","embeddable":true,"href":"https:\/\/consmonacodibaviera.esteri.it\/it\/wp-json\/wp\/v2\/tags?post=863"}],"curies":[{"name":"wp","href":"https:\/\/api.w.org\/{rel}","templated":true}]}}